{"id":8536,"date":"2014-03-28T15:50:55","date_gmt":"2014-03-28T14:50:55","guid":{"rendered":"https:\/\/www.schwarz-online.de\/pagekit\/"},"modified":"2026-01-22T08:53:03","modified_gmt":"2026-01-22T07:53:03","slug":"pagekit","status":"publish","type":"post","link":"https:\/\/www.schwarz-online.de\/en\/pagekit\/","title":{"rendered":"Die Zukunft in meisterhaften H\u00e4nden"},"content":{"rendered":"<p><strong>Die Zukunft in meisterhaften H\u00e4nden<\/strong><\/p>\n<p>&gt; Drei neue Lehrlinge, Sven, Justin und Dennis, verst\u00e4rken seit Herbst unser Team. Somit haben wir 4 Auszubildende im Bereich Zerspanungsmechaniker und Apparate- und Beh\u00e4lterbauer. Auch hier sorgen wir f\u00fcr die Zukunft und bilden unser Fachpersonal aus.<\/p>\n<p>Herzlichen Gl\u00fcckwunsch unserem Jungmeister Jan Schmid. Er hat erfolgreich seine Meisterpr\u00fcfung abgeschlossen!<\/p>\n","protected":false},"excerpt":{"rendered":"<p>Die Zukunft in meisterhaften H\u00e4nden &gt; Drei neue Lehrlinge, Sven, Justin und Dennis, verst\u00e4rken seit Herbst unser Team. Somit haben wir 4 Auszubildende im Bereich Zerspanungsmechaniker und Apparate- und Beh\u00e4lterbauer. Auch hier sorgen wir f\u00fcr die Zukunft und bilden unser Fachpersonal aus. Herzlichen Gl\u00fcckwunsch unserem Jungmeister Jan Schmid. Er hat erfolgreich seine Meisterpr\u00fcfung abgeschlossen!<\/p>\n","protected":false},"author":23,"featured_media":8537,"comment_status":"open","ping_status":"open","sticky":false,"template":"","format":"standard","meta":{"tpgb_global_settings":"","footnotes":""},"categories":[103,105,107],"tags":[108],"class_list":["post-8536","post","type-post","status-publish","format-standard","has-post-thumbnail","hentry","category-allgemein","category-apparate-und-behaelterbau","category-karriere","tag-container"],"tpgb_featured_images":{"full":["https:\/\/www.schwarz-online.de\/wp-content\/uploads\/jan-schmid.jpg",2448,3264,false],"tp-image-grid":["https:\/\/www.schwarz-online.de\/wp-content\/uploads\/jan-schmid.jpg",525,700,false],"thumbnail":["https:\/\/www.schwarz-online.de\/wp-content\/uploads\/jan-schmid-150x150.jpg",150,150,true],"medium":["https:\/\/www.schwarz-online.de\/wp-content\/uploads\/jan-schmid-225x300.jpg",225,300,true],"medium_large":["https:\/\/www.schwarz-online.de\/wp-content\/uploads\/jan-schmid-768x1024.jpg",768,1024,true],"large":["https:\/\/www.schwarz-online.de\/wp-content\/uploads\/jan-schmid-768x1024.jpg",768,1024,true],"default":"https:\/\/www.schwarz-online.de\/wp-content\/plugins\/the-plus-addons-for-block-editor\/assets\/images\/tpgb-placeholder.jpg"},"tpgb_post_meta_info":{"get_date":"March 28, 2014","get_modified_date":"January 22, 2026","category_list":{"category":[{"term_id":103,"name":"Allgemein","slug":"allgemein","term_group":0,"term_taxonomy_id":103,"taxonomy":"category","description":"","parent":0,"count":7,"filter":"raw"},{"term_id":105,"name":"Apparate- und Beh\u00e4lterbau","slug":"apparate-und-behaelterbau","term_group":0,"term_taxonomy_id":105,"taxonomy":"category","description":"","parent":0,"count":4,"filter":"raw"},{"term_id":107,"name":"Karriere","slug":"karriere","term_group":0,"term_taxonomy_id":107,"taxonomy":"category","description":"","parent":0,"count":1,"filter":"raw"}],"post_tag":[{"term_id":108,"name":"Container","slug":"container","term_group":0,"term_taxonomy_id":108,"taxonomy":"post_tag","description":"","parent":0,"count":1,"filter":"raw"}]},"author_name":"Inkom Media Web Team","author_url":"https:\/\/www.schwarz-online.de\/en\/author\/inkommedia-web-team\/","author_email":"web@inkom.de","author_website":"","author_description":"","author_facebook":"","author_twitter":"","author_instagram":"","author_role":["administrator"],"author_firstname":"","author_lastname":"","user_login":"inkommedia-web-team","author_avatar":"<img alt='' src='https:\/\/secure.gravatar.com\/avatar\/4d8ff65504a5f8e6bd90679b352a9610fefe60c5af9dc9d60bbeeaf3bac0dee0?s=200&#038;d=mm&#038;r=g' srcset='https:\/\/secure.gravatar.com\/avatar\/4d8ff65504a5f8e6bd90679b352a9610fefe60c5af9dc9d60bbeeaf3bac0dee0?s=400&#038;d=mm&#038;r=g 2x' class='avatar avatar-200 photo' height='200' width='200' decoding='async'\/>","author_avatar_url":"https:\/\/secure.gravatar.com\/avatar\/4d8ff65504a5f8e6bd90679b352a9610fefe60c5af9dc9d60bbeeaf3bac0dee0?s=96&d=mm&r=g","comment_count":0,"post_likes":0,"post_views":0},"tpgb_post_category":{"category":"<a href=\"https:\/\/www.schwarz-online.de\/en\/category\/allgemein\/\" alt=\"Allgemein\"  class=\"category-allgemein\">Allgemein<\/a> <a href=\"https:\/\/www.schwarz-online.de\/en\/category\/apparate-und-behaelterbau\/\" alt=\"Apparate- und Beh\u00e4lterbau\"  class=\"category-apparate-und-behaelterbau\">Apparate- und Beh\u00e4lterbau<\/a> <a href=\"https:\/\/www.schwarz-online.de\/en\/category\/karriere\/\" alt=\"Karriere\"  class=\"category-karriere\">Karriere<\/a> ","post_tag":"<a href=\"https:\/\/www.schwarz-online.de\/en\/tag\/container\/\" alt=\"Container\"  class=\"post_tag-container\">Container<\/a> "},"_links":{"self":[{"href":"https:\/\/www.schwarz-online.de\/en\/wp-json\/wp\/v2\/posts\/8536","targetHints":{"allow":["GET"]}}],"collection":[{"href":"https:\/\/www.schwarz-online.de\/en\/wp-json\/wp\/v2\/posts"}],"about":[{"href":"https:\/\/www.schwarz-online.de\/en\/wp-json\/wp\/v2\/types\/post"}],"author":[{"embeddable":true,"href":"https:\/\/www.schwarz-online.de\/en\/wp-json\/wp\/v2\/users\/23"}],"replies":[{"embeddable":true,"href":"https:\/\/www.schwarz-online.de\/en\/wp-json\/wp\/v2\/comments?post=8536"}],"version-history":[{"count":1,"href":"https:\/\/www.schwarz-online.de\/en\/wp-json\/wp\/v2\/posts\/8536\/revisions"}],"predecessor-version":[{"id":8556,"href":"https:\/\/www.schwarz-online.de\/en\/wp-json\/wp\/v2\/posts\/8536\/revisions\/8556"}],"wp:featuredmedia":[{"embeddable":true,"href":"https:\/\/www.schwarz-online.de\/en\/wp-json\/wp\/v2\/media\/8537"}],"wp:attachment":[{"href":"https:\/\/www.schwarz-online.de\/en\/wp-json\/wp\/v2\/media?parent=8536"}],"wp:term":[{"taxonomy":"category","embeddable":true,"href":"https:\/\/www.schwarz-online.de\/en\/wp-json\/wp\/v2\/categories?post=8536"},{"taxonomy":"post_tag","embeddable":true,"href":"https:\/\/www.schwarz-online.de\/en\/wp-json\/wp\/v2\/tags?post=8536"}],"curies":[{"name":"wp","href":"https:\/\/api.w.org\/{rel}","templated":true}]}}